{"id":12053,"date":"2022-10-03T13:52:18","date_gmt":"2022-10-03T11:52:18","guid":{"rendered":"https:\/\/remei.ch\/?post_type=stories&#038;p=12053"},"modified":"2022-10-04T11:12:57","modified_gmt":"2022-10-04T09:12:57","slug":"congratulations-to-wohrl-on-the-opening-of-the-renewed-flagship-store-in-nuremberg-and-the-launch-of-the-good-fashion-section","status":"publish","type":"stories","link":"https:\/\/remei.ch\/en\/stories\/congratulations-to-wohrl-on-the-opening-of-the-renewed-flagship-store-in-nuremberg-and-the-launch-of-the-good-fashion-section\/","title":{"rendered":"We are delighted with W\u00d6HRL about the opening of the expanded and modernised flagship department store in Nuremberg with new space for THE GOOD FASHION!"},"content":{"rendered":"<div class=\"container wp-block-remei-right-image block-section \" style=\"margin-bottom: \"><div class=\"row\"><div class=\"right-image-image col-md-6\"><img decoding=\"async\" src=\"https:\/\/remei.ch\/wp-content\/uploads\/793A4761-1.jpg_Thumbnail0-3-1-560x600.jpg\"><div class=\"featured_caption\">Present at the opening of the renewed W\u00d6HRL flagship department store: Jasmin Kurmann, Simon Hohmann and Marion R\u00f6ttges from Remei<\/div><img decoding=\"async\" src=\"https:\/\/remei.ch\/wp-content\/uploads\/FAIR_Transparent_remei-1-560x600.jpg\"><div class=\"featured_caption\">FAIR &amp; TRANSPARENT: W\u00d6HRL&#8217;s private label, produced in the Remei production chain<\/div><\/div><div class=\"right-image-content col-md-6 wlp\"><h3>We are delighted with W\u00d6HRL about the opening of the expanded and modernised flagship department store in Nuremberg with new space for THE GOOD FASHION!<\/h3><p><p>With the opening of the extended and modernised flagship department store in Nuremberg, W\u00d6HRL expands the young fashion department U-EINS with a new area: THE GOOD FASHION, and presents there the sustainable and young own brand FAIR &amp; TRANSPARENT as well as other brands that place the topic of sustainability at the centre of their collections.<br>  <br><strong>FAIR &amp; TRANSPARENT: private label W\u00d6HRL<\/strong> <br>Under its own brand FAIR &amp; TRANSPARENT, W\u00d6HRL presents organic cotton textiles that Remei produces for W\u00d6HRL in its transparent production chain. W\u00d6HRL customers can trace these sustainably produced styles back to the cotton farmers in India and Tanzania via the Remei tracking tool.<br> \u00a0<br> Many thanks to W\u00d6HRL for the good cooperation and the great partnership! <\/p><\/p><\/div><\/div><\/div>","protected":false},"excerpt":{"rendered":"","protected":false},"featured_media":12020,"template":"","kategorie":[46,50],"acf":[],"yoast_head":"<!-- This site is optimized with the Yoast SEO plugin v22.8 - https:\/\/yoast.com\/wordpress\/plugins\/seo\/ -->\n<title>We are delighted with W\u00d6HRL about the opening of the expanded and modernised flagship department store in Nuremberg with new space for THE GOOD FASHION! - Remei<\/title>\n<meta name=\"robots\" content=\"index, follow, max-snippet:-1, max-image-preview:large, max-video-preview:-1\" \/>\n<link rel=\"canonical\" href=\"https:\/\/remei.ch\/en\/stories\/congratulations-to-wohrl-on-the-opening-of-the-renewed-flagship-store-in-nuremberg-and-the-launch-of-the-good-fashion-section\/\" \/>\n<meta property=\"og:locale\" content=\"en_US\" \/>\n<meta property=\"og:type\" content=\"article\" \/>\n<meta property=\"og:title\" content=\"We are delighted with W\u00d6HRL about the opening of the expanded and modernised flagship department store in Nuremberg with new space for THE GOOD FASHION! - Remei\" \/>\n<meta property=\"og:url\" content=\"https:\/\/remei.ch\/en\/stories\/congratulations-to-wohrl-on-the-opening-of-the-renewed-flagship-store-in-nuremberg-and-the-launch-of-the-good-fashion-section\/\" \/>\n<meta property=\"og:site_name\" content=\"Remei\" \/>\n<meta property=\"article:modified_time\" content=\"2022-10-04T09:12:57+00:00\" \/>\n<meta property=\"og:image\" content=\"https:\/\/remei.ch\/wp-content\/uploads\/793A4761.jpg_Thumbnail0.jpg\" \/>\n\t<meta property=\"og:image:width\" content=\"1024\" \/>\n\t<meta property=\"og:image:height\" content=\"683\" \/>\n\t<meta property=\"og:image:type\" content=\"image\/jpeg\" \/>\n<meta name=\"twitter:card\" content=\"summary_large_image\" \/>\n<script type=\"application\/ld+json\" class=\"yoast-schema-graph\">{\"@context\":\"https:\/\/schema.org\",\"@graph\":[{\"@type\":\"WebPage\",\"@id\":\"https:\/\/remei.ch\/en\/stories\/congratulations-to-wohrl-on-the-opening-of-the-renewed-flagship-store-in-nuremberg-and-the-launch-of-the-good-fashion-section\/\",\"url\":\"https:\/\/remei.ch\/en\/stories\/congratulations-to-wohrl-on-the-opening-of-the-renewed-flagship-store-in-nuremberg-and-the-launch-of-the-good-fashion-section\/\",\"name\":\"We are delighted with W\u00d6HRL about the opening of the expanded and modernised flagship department store in Nuremberg with new space for THE GOOD FASHION! - Remei\",\"isPartOf\":{\"@id\":\"https:\/\/remei.ch\/#website\"},\"primaryImageOfPage\":{\"@id\":\"https:\/\/remei.ch\/en\/stories\/congratulations-to-wohrl-on-the-opening-of-the-renewed-flagship-store-in-nuremberg-and-the-launch-of-the-good-fashion-section\/#primaryimage\"},\"image\":{\"@id\":\"https:\/\/remei.ch\/en\/stories\/congratulations-to-wohrl-on-the-opening-of-the-renewed-flagship-store-in-nuremberg-and-the-launch-of-the-good-fashion-section\/#primaryimage\"},\"thumbnailUrl\":\"https:\/\/remei.ch\/wp-content\/uploads\/793A4761.jpg_Thumbnail0.jpg\",\"datePublished\":\"2022-10-03T11:52:18+00:00\",\"dateModified\":\"2022-10-04T09:12:57+00:00\",\"breadcrumb\":{\"@id\":\"https:\/\/remei.ch\/en\/stories\/congratulations-to-wohrl-on-the-opening-of-the-renewed-flagship-store-in-nuremberg-and-the-launch-of-the-good-fashion-section\/#breadcrumb\"},\"inLanguage\":\"en-US\",\"potentialAction\":[{\"@type\":\"ReadAction\",\"target\":[\"https:\/\/remei.ch\/en\/stories\/congratulations-to-wohrl-on-the-opening-of-the-renewed-flagship-store-in-nuremberg-and-the-launch-of-the-good-fashion-section\/\"]}]},{\"@type\":\"ImageObject\",\"inLanguage\":\"en-US\",\"@id\":\"https:\/\/remei.ch\/en\/stories\/congratulations-to-wohrl-on-the-opening-of-the-renewed-flagship-store-in-nuremberg-and-the-launch-of-the-good-fashion-section\/#primaryimage\",\"url\":\"https:\/\/remei.ch\/wp-content\/uploads\/793A4761.jpg_Thumbnail0.jpg\",\"contentUrl\":\"https:\/\/remei.ch\/wp-content\/uploads\/793A4761.jpg_Thumbnail0.jpg\",\"width\":1024,\"height\":683},{\"@type\":\"BreadcrumbList\",\"@id\":\"https:\/\/remei.ch\/en\/stories\/congratulations-to-wohrl-on-the-opening-of-the-renewed-flagship-store-in-nuremberg-and-the-launch-of-the-good-fashion-section\/#breadcrumb\",\"itemListElement\":[{\"@type\":\"ListItem\",\"position\":1,\"name\":\"Home\",\"item\":\"https:\/\/remei.ch\/en\/\"},{\"@type\":\"ListItem\",\"position\":2,\"name\":\"We are delighted with W\u00d6HRL about the opening of the expanded and modernised flagship department store in Nuremberg with new space for THE GOOD FASHION!\"}]},{\"@type\":\"WebSite\",\"@id\":\"https:\/\/remei.ch\/#website\",\"url\":\"https:\/\/remei.ch\/\",\"name\":\"Remei\",\"description\":\"Organic standard\",\"publisher\":{\"@id\":\"https:\/\/remei.ch\/#organization\"},\"potentialAction\":[{\"@type\":\"SearchAction\",\"target\":{\"@type\":\"EntryPoint\",\"urlTemplate\":\"https:\/\/remei.ch\/?s={search_term_string}\"},\"query-input\":\"required name=search_term_string\"}],\"inLanguage\":\"en-US\"},{\"@type\":\"Organization\",\"@id\":\"https:\/\/remei.ch\/#organization\",\"name\":\"Remei\",\"url\":\"https:\/\/remei.ch\/\",\"logo\":{\"@type\":\"ImageObject\",\"inLanguage\":\"en-US\",\"@id\":\"https:\/\/remei.ch\/#\/schema\/logo\/image\/\",\"url\":\"https:\/\/remei.ch\/wp-content\/uploads\/190807_Remei_logo_cmyk.svg\",\"contentUrl\":\"https:\/\/remei.ch\/wp-content\/uploads\/190807_Remei_logo_cmyk.svg\",\"caption\":\"Remei\"},\"image\":{\"@id\":\"https:\/\/remei.ch\/#\/schema\/logo\/image\/\"}}]}<\/script>\n<!-- \/ Yoast SEO plugin. -->","yoast_head_json":{"title":"We are delighted with W\u00d6HRL about the opening of the expanded and modernised flagship department store in Nuremberg with new space for THE GOOD FASHION! - Remei","robots":{"index":"index","follow":"follow","max-snippet":"max-snippet:-1","max-image-preview":"max-image-preview:large","max-video-preview":"max-video-preview:-1"},"canonical":"https:\/\/remei.ch\/en\/stories\/congratulations-to-wohrl-on-the-opening-of-the-renewed-flagship-store-in-nuremberg-and-the-launch-of-the-good-fashion-section\/","og_locale":"en_US","og_type":"article","og_title":"We are delighted with W\u00d6HRL about the opening of the expanded and modernised flagship department store in Nuremberg with new space for THE GOOD FASHION! - Remei","og_url":"https:\/\/remei.ch\/en\/stories\/congratulations-to-wohrl-on-the-opening-of-the-renewed-flagship-store-in-nuremberg-and-the-launch-of-the-good-fashion-section\/","og_site_name":"Remei","article_modified_time":"2022-10-04T09:12:57+00:00","og_image":[{"width":1024,"height":683,"url":"https:\/\/remei.ch\/wp-content\/uploads\/793A4761.jpg_Thumbnail0.jpg","type":"image\/jpeg"}],"twitter_card":"summary_large_image","schema":{"@context":"https:\/\/schema.org","@graph":[{"@type":"WebPage","@id":"https:\/\/remei.ch\/en\/stories\/congratulations-to-wohrl-on-the-opening-of-the-renewed-flagship-store-in-nuremberg-and-the-launch-of-the-good-fashion-section\/","url":"https:\/\/remei.ch\/en\/stories\/congratulations-to-wohrl-on-the-opening-of-the-renewed-flagship-store-in-nuremberg-and-the-launch-of-the-good-fashion-section\/","name":"We are delighted with W\u00d6HRL about the opening of the expanded and modernised flagship department store in Nuremberg with new space for THE GOOD FASHION! - Remei","isPartOf":{"@id":"https:\/\/remei.ch\/#website"},"primaryImageOfPage":{"@id":"https:\/\/remei.ch\/en\/stories\/congratulations-to-wohrl-on-the-opening-of-the-renewed-flagship-store-in-nuremberg-and-the-launch-of-the-good-fashion-section\/#primaryimage"},"image":{"@id":"https:\/\/remei.ch\/en\/stories\/congratulations-to-wohrl-on-the-opening-of-the-renewed-flagship-store-in-nuremberg-and-the-launch-of-the-good-fashion-section\/#primaryimage"},"thumbnailUrl":"https:\/\/remei.ch\/wp-content\/uploads\/793A4761.jpg_Thumbnail0.jpg","datePublished":"2022-10-03T11:52:18+00:00","dateModified":"2022-10-04T09:12:57+00:00","breadcrumb":{"@id":"https:\/\/remei.ch\/en\/stories\/congratulations-to-wohrl-on-the-opening-of-the-renewed-flagship-store-in-nuremberg-and-the-launch-of-the-good-fashion-section\/#breadcrumb"},"inLanguage":"en-US","potentialAction":[{"@type":"ReadAction","target":["https:\/\/remei.ch\/en\/stories\/congratulations-to-wohrl-on-the-opening-of-the-renewed-flagship-store-in-nuremberg-and-the-launch-of-the-good-fashion-section\/"]}]},{"@type":"ImageObject","inLanguage":"en-US","@id":"https:\/\/remei.ch\/en\/stories\/congratulations-to-wohrl-on-the-opening-of-the-renewed-flagship-store-in-nuremberg-and-the-launch-of-the-good-fashion-section\/#primaryimage","url":"https:\/\/remei.ch\/wp-content\/uploads\/793A4761.jpg_Thumbnail0.jpg","contentUrl":"https:\/\/remei.ch\/wp-content\/uploads\/793A4761.jpg_Thumbnail0.jpg","width":1024,"height":683},{"@type":"BreadcrumbList","@id":"https:\/\/remei.ch\/en\/stories\/congratulations-to-wohrl-on-the-opening-of-the-renewed-flagship-store-in-nuremberg-and-the-launch-of-the-good-fashion-section\/#breadcrumb","itemListElement":[{"@type":"ListItem","position":1,"name":"Home","item":"https:\/\/remei.ch\/en\/"},{"@type":"ListItem","position":2,"name":"We are delighted with W\u00d6HRL about the opening of the expanded and modernised flagship department store in Nuremberg with new space for THE GOOD FASHION!"}]},{"@type":"WebSite","@id":"https:\/\/remei.ch\/#website","url":"https:\/\/remei.ch\/","name":"Remei","description":"Organic standard","publisher":{"@id":"https:\/\/remei.ch\/#organization"},"potentialAction":[{"@type":"SearchAction","target":{"@type":"EntryPoint","urlTemplate":"https:\/\/remei.ch\/?s={search_term_string}"},"query-input":"required name=search_term_string"}],"inLanguage":"en-US"},{"@type":"Organization","@id":"https:\/\/remei.ch\/#organization","name":"Remei","url":"https:\/\/remei.ch\/","logo":{"@type":"ImageObject","inLanguage":"en-US","@id":"https:\/\/remei.ch\/#\/schema\/logo\/image\/","url":"https:\/\/remei.ch\/wp-content\/uploads\/190807_Remei_logo_cmyk.svg","contentUrl":"https:\/\/remei.ch\/wp-content\/uploads\/190807_Remei_logo_cmyk.svg","caption":"Remei"},"image":{"@id":"https:\/\/remei.ch\/#\/schema\/logo\/image\/"}}]}},"_links":{"self":[{"href":"https:\/\/remei.ch\/en\/wp-json\/wp\/v2\/stories\/12053"}],"collection":[{"href":"https:\/\/remei.ch\/en\/wp-json\/wp\/v2\/stories"}],"about":[{"href":"https:\/\/remei.ch\/en\/wp-json\/wp\/v2\/types\/stories"}],"wp:featuredmedia":[{"embeddable":true,"href":"https:\/\/remei.ch\/en\/wp-json\/wp\/v2\/media\/12020"}],"wp:attachment":[{"href":"https:\/\/remei.ch\/en\/wp-json\/wp\/v2\/media?parent=12053"}],"wp:term":[{"taxonomy":"kategorie","embeddable":true,"href":"https:\/\/remei.ch\/en\/wp-json\/wp\/v2\/kategorie?post=12053"}],"curies":[{"name":"wp","href":"https:\/\/api.w.org\/{rel}","templated":true}]}}